{"id":3288,"date":"2021-09-27T13:46:42","date_gmt":"2021-09-27T13:46:42","guid":{"rendered":"https:\/\/elcarmelocusco.edu.pe\/wp\/?p=3288"},"modified":"2021-11-09T13:48:38","modified_gmt":"2021-11-09T13:48:38","slug":"capacitacion-ergonomia-laboral-recomendaciones-para-el-trabajo-remoto","status":"publish","type":"post","link":"https:\/\/elcarmelocusco.edu.pe\/wp\/2021\/09\/27\/capacitacion-ergonomia-laboral-recomendaciones-para-el-trabajo-remoto\/","title":{"rendered":"Capacitaci\u00f3n: Ergonom\u00eda Laboral &#8211; Recomendaciones para el trabajo remoto"},"content":{"rendered":"<p style=\"text-align: justify;\">Cumpliendo con nuestras actividades programadas, se realiz\u00f3 la capacitaci\u00f3n sobre Ergonom\u00eda Laboral y Recomendaciones para el trabajo remoto, en el cual evidenciamos las precauciones y cuidados que el personal tiene que aplicar en el cuidado de la salud relacionado a las posturas y espacios de descanso activo que practicamos.<\/p>\n","protected":false},"excerpt":{"rendered":"<p>Cumpliendo con nuestras actividades programadas, se realiz\u00f3 la capacitaci\u00f3n sobre Ergonom\u00eda Laboral y Recomendaciones para el trabajo remoto, en el cual evidenciamos las precauciones y cuidados<span class=\"excerpt-hellip\"> [\u2026]<\/span><\/p>\n","protected":false},"author":2,"featured_media":3289,"comment_status":"open","ping_status":"open","sticky":false,"template":"","format":"standard","meta":{"footnotes":""},"categories":[1],"tags":[],"class_list":["post-3288","post","type-post","status-publish","format-standard","has-post-thumbnail","hentry","category-noticias"],"yoast_head":"<!-- This site is optimized with the Yoast SEO plugin v22.4 - https:\/\/yoast.com\/wordpress\/plugins\/seo\/ -->\n<title>Capacitaci\u00f3n: Ergonom\u00eda Laboral - Recomendaciones para el trabajo remoto - Colegio<\/title>\n<meta name=\"robots\" content=\"index, follow, max-snippet:-1, max-image-preview:large, max-video-preview:-1\" \/>\n<link rel=\"canonical\" href=\"https:\/\/elcarmelocusco.edu.pe\/wp\/2021\/09\/27\/capacitacion-ergonomia-laboral-recomendaciones-para-el-trabajo-remoto\/\" \/>\n<meta property=\"og:locale\" content=\"es_ES\" \/>\n<meta property=\"og:type\" content=\"article\" \/>\n<meta property=\"og:title\" content=\"Capacitaci\u00f3n: Ergonom\u00eda Laboral - Recomendaciones para el trabajo remoto - Colegio\" \/>\n<meta property=\"og:description\" content=\"Cumpliendo con nuestras actividades programadas, se realiz\u00f3 la capacitaci\u00f3n sobre Ergonom\u00eda Laboral y Recomendaciones para el trabajo remoto, en el cual evidenciamos las precauciones y cuidados [\u2026]\" \/>\n<meta property=\"og:url\" content=\"https:\/\/elcarmelocusco.edu.pe\/wp\/2021\/09\/27\/capacitacion-ergonomia-laboral-recomendaciones-para-el-trabajo-remoto\/\" \/>\n<meta property=\"og:site_name\" content=\"Colegio\" \/>\n<meta property=\"article:published_time\" content=\"2021-09-27T13:46:42+00:00\" \/>\n<meta property=\"article:modified_time\" content=\"2021-11-09T13:48:38+00:00\" \/>\n<meta property=\"og:image\" content=\"https:\/\/elcarmelocusco.edu.pe\/wp\/wp-content\/uploads\/2021\/11\/postura.png\" \/>\n\t<meta property=\"og:image:width\" content=\"560\" \/>\n\t<meta property=\"og:image:height\" content=\"300\" \/>\n\t<meta property=\"og:image:type\" content=\"image\/png\" \/>\n<meta name=\"author\" content=\"EL CARMELO CUSCO\" \/>\n<meta name=\"twitter:card\" content=\"summary_large_image\" \/>\n<meta name=\"twitter:label1\" content=\"Escrito por\" \/>\n\t<meta name=\"twitter:data1\" content=\"EL CARMELO CUSCO\" \/>\n\t<meta name=\"twitter:label2\" content=\"Tiempo de lectura\" \/>\n\t<meta name=\"twitter:data2\" content=\"1 minuto\" \/>\n<script type=\"application\/ld+json\" class=\"yoast-schema-graph\">{\"@context\":\"https:\/\/schema.org\",\"@graph\":[{\"@type\":\"WebPage\",\"@id\":\"https:\/\/elcarmelocusco.edu.pe\/wp\/2021\/09\/27\/capacitacion-ergonomia-laboral-recomendaciones-para-el-trabajo-remoto\/\",\"url\":\"https:\/\/elcarmelocusco.edu.pe\/wp\/2021\/09\/27\/capacitacion-ergonomia-laboral-recomendaciones-para-el-trabajo-remoto\/\",\"name\":\"Capacitaci\u00f3n: Ergonom\u00eda Laboral - Recomendaciones para el trabajo remoto - Colegio\",\"isPartOf\":{\"@id\":\"https:\/\/elcarmelocusco.edu.pe\/wp\/#website\"},\"primaryImageOfPage\":{\"@id\":\"https:\/\/elcarmelocusco.edu.pe\/wp\/2021\/09\/27\/capacitacion-ergonomia-laboral-recomendaciones-para-el-trabajo-remoto\/#primaryimage\"},\"image\":{\"@id\":\"https:\/\/elcarmelocusco.edu.pe\/wp\/2021\/09\/27\/capacitacion-ergonomia-laboral-recomendaciones-para-el-trabajo-remoto\/#primaryimage\"},\"thumbnailUrl\":\"https:\/\/elcarmelocusco.edu.pe\/wp\/wp-content\/uploads\/2021\/11\/postura.png\",\"datePublished\":\"2021-09-27T13:46:42+00:00\",\"dateModified\":\"2021-11-09T13:48:38+00:00\",\"author\":{\"@id\":\"https:\/\/elcarmelocusco.edu.pe\/wp\/#\/schema\/person\/8de216edc58e0084f724c60a352010a0\"},\"inLanguage\":\"es\",\"potentialAction\":[{\"@type\":\"ReadAction\",\"target\":[\"https:\/\/elcarmelocusco.edu.pe\/wp\/2021\/09\/27\/capacitacion-ergonomia-laboral-recomendaciones-para-el-trabajo-remoto\/\"]}]},{\"@type\":\"ImageObject\",\"inLanguage\":\"es\",\"@id\":\"https:\/\/elcarmelocusco.edu.pe\/wp\/2021\/09\/27\/capacitacion-ergonomia-laboral-recomendaciones-para-el-trabajo-remoto\/#primaryimage\",\"url\":\"https:\/\/elcarmelocusco.edu.pe\/wp\/wp-content\/uploads\/2021\/11\/postura.png\",\"contentUrl\":\"https:\/\/elcarmelocusco.edu.pe\/wp\/wp-content\/uploads\/2021\/11\/postura.png\",\"width\":560,\"height\":300},{\"@type\":\"WebSite\",\"@id\":\"https:\/\/elcarmelocusco.edu.pe\/wp\/#website\",\"url\":\"https:\/\/elcarmelocusco.edu.pe\/wp\/\",\"name\":\"Colegio\",\"description\":\"El Carmelo\",\"potentialAction\":[{\"@type\":\"SearchAction\",\"target\":{\"@type\":\"EntryPoint\",\"urlTemplate\":\"https:\/\/elcarmelocusco.edu.pe\/wp\/?s={search_term_string}\"},\"query-input\":\"required name=search_term_string\"}],\"inLanguage\":\"es\"},{\"@type\":\"Person\",\"@id\":\"https:\/\/elcarmelocusco.edu.pe\/wp\/#\/schema\/person\/8de216edc58e0084f724c60a352010a0\",\"name\":\"EL CARMELO CUSCO\",\"image\":{\"@type\":\"ImageObject\",\"inLanguage\":\"es\",\"@id\":\"https:\/\/elcarmelocusco.edu.pe\/wp\/#\/schema\/person\/image\/\",\"url\":\"https:\/\/secure.gravatar.com\/avatar\/e9a7214dc7b6d2c446f6f2d37ce0d2aaf7c1dd1579c57ae755feed9b10623aab?s=96&d=mm&r=g\",\"contentUrl\":\"https:\/\/secure.gravatar.com\/avatar\/e9a7214dc7b6d2c446f6f2d37ce0d2aaf7c1dd1579c57ae755feed9b10623aab?s=96&d=mm&r=g\",\"caption\":\"EL CARMELO CUSCO\"},\"sameAs\":[\"http:\/\/www.elcarmelocusco.edu.pe\"],\"url\":\"https:\/\/elcarmelocusco.edu.pe\/wp\/author\/paula\/\"}]}<\/script>\n<!-- \/ Yoast SEO plugin. -->","yoast_head_json":{"title":"Capacitaci\u00f3n: Ergonom\u00eda Laboral - Recomendaciones para el trabajo remoto - Colegio","robots":{"index":"index","follow":"follow","max-snippet":"max-snippet:-1","max-image-preview":"max-image-preview:large","max-video-preview":"max-video-preview:-1"},"canonical":"https:\/\/elcarmelocusco.edu.pe\/wp\/2021\/09\/27\/capacitacion-ergonomia-laboral-recomendaciones-para-el-trabajo-remoto\/","og_locale":"es_ES","og_type":"article","og_title":"Capacitaci\u00f3n: Ergonom\u00eda Laboral - Recomendaciones para el trabajo remoto - Colegio","og_description":"Cumpliendo con nuestras actividades programadas, se realiz\u00f3 la capacitaci\u00f3n sobre Ergonom\u00eda Laboral y Recomendaciones para el trabajo remoto, en el cual evidenciamos las precauciones y cuidados [\u2026]","og_url":"https:\/\/elcarmelocusco.edu.pe\/wp\/2021\/09\/27\/capacitacion-ergonomia-laboral-recomendaciones-para-el-trabajo-remoto\/","og_site_name":"Colegio","article_published_time":"2021-09-27T13:46:42+00:00","article_modified_time":"2021-11-09T13:48:38+00:00","og_image":[{"width":560,"height":300,"url":"https:\/\/elcarmelocusco.edu.pe\/wp\/wp-content\/uploads\/2021\/11\/postura.png","type":"image\/png"}],"author":"EL CARMELO CUSCO","twitter_card":"summary_large_image","twitter_misc":{"Escrito por":"EL CARMELO CUSCO","Tiempo de lectura":"1 minuto"},"schema":{"@context":"https:\/\/schema.org","@graph":[{"@type":"WebPage","@id":"https:\/\/elcarmelocusco.edu.pe\/wp\/2021\/09\/27\/capacitacion-ergonomia-laboral-recomendaciones-para-el-trabajo-remoto\/","url":"https:\/\/elcarmelocusco.edu.pe\/wp\/2021\/09\/27\/capacitacion-ergonomia-laboral-recomendaciones-para-el-trabajo-remoto\/","name":"Capacitaci\u00f3n: Ergonom\u00eda Laboral - Recomendaciones para el trabajo remoto - Colegio","isPartOf":{"@id":"https:\/\/elcarmelocusco.edu.pe\/wp\/#website"},"primaryImageOfPage":{"@id":"https:\/\/elcarmelocusco.edu.pe\/wp\/2021\/09\/27\/capacitacion-ergonomia-laboral-recomendaciones-para-el-trabajo-remoto\/#primaryimage"},"image":{"@id":"https:\/\/elcarmelocusco.edu.pe\/wp\/2021\/09\/27\/capacitacion-ergonomia-laboral-recomendaciones-para-el-trabajo-remoto\/#primaryimage"},"thumbnailUrl":"https:\/\/elcarmelocusco.edu.pe\/wp\/wp-content\/uploads\/2021\/11\/postura.png","datePublished":"2021-09-27T13:46:42+00:00","dateModified":"2021-11-09T13:48:38+00:00","author":{"@id":"https:\/\/elcarmelocusco.edu.pe\/wp\/#\/schema\/person\/8de216edc58e0084f724c60a352010a0"},"inLanguage":"es","potentialAction":[{"@type":"ReadAction","target":["https:\/\/elcarmelocusco.edu.pe\/wp\/2021\/09\/27\/capacitacion-ergonomia-laboral-recomendaciones-para-el-trabajo-remoto\/"]}]},{"@type":"ImageObject","inLanguage":"es","@id":"https:\/\/elcarmelocusco.edu.pe\/wp\/2021\/09\/27\/capacitacion-ergonomia-laboral-recomendaciones-para-el-trabajo-remoto\/#primaryimage","url":"https:\/\/elcarmelocusco.edu.pe\/wp\/wp-content\/uploads\/2021\/11\/postura.png","contentUrl":"https:\/\/elcarmelocusco.edu.pe\/wp\/wp-content\/uploads\/2021\/11\/postura.png","width":560,"height":300},{"@type":"WebSite","@id":"https:\/\/elcarmelocusco.edu.pe\/wp\/#website","url":"https:\/\/elcarmelocusco.edu.pe\/wp\/","name":"Colegio","description":"El Carmelo","potentialAction":[{"@type":"SearchAction","target":{"@type":"EntryPoint","urlTemplate":"https:\/\/elcarmelocusco.edu.pe\/wp\/?s={search_term_string}"},"query-input":"required name=search_term_string"}],"inLanguage":"es"},{"@type":"Person","@id":"https:\/\/elcarmelocusco.edu.pe\/wp\/#\/schema\/person\/8de216edc58e0084f724c60a352010a0","name":"EL CARMELO CUSCO","image":{"@type":"ImageObject","inLanguage":"es","@id":"https:\/\/elcarmelocusco.edu.pe\/wp\/#\/schema\/person\/image\/","url":"https:\/\/secure.gravatar.com\/avatar\/e9a7214dc7b6d2c446f6f2d37ce0d2aaf7c1dd1579c57ae755feed9b10623aab?s=96&d=mm&r=g","contentUrl":"https:\/\/secure.gravatar.com\/avatar\/e9a7214dc7b6d2c446f6f2d37ce0d2aaf7c1dd1579c57ae755feed9b10623aab?s=96&d=mm&r=g","caption":"EL CARMELO CUSCO"},"sameAs":["http:\/\/www.elcarmelocusco.edu.pe"],"url":"https:\/\/elcarmelocusco.edu.pe\/wp\/author\/paula\/"}]}},"_links":{"self":[{"href":"https:\/\/elcarmelocusco.edu.pe\/wp\/wp-json\/wp\/v2\/posts\/3288","targetHints":{"allow":["GET"]}}],"collection":[{"href":"https:\/\/elcarmelocusco.edu.pe\/wp\/wp-json\/wp\/v2\/posts"}],"about":[{"href":"https:\/\/elcarmelocusco.edu.pe\/wp\/wp-json\/wp\/v2\/types\/post"}],"author":[{"embeddable":true,"href":"https:\/\/elcarmelocusco.edu.pe\/wp\/wp-json\/wp\/v2\/users\/2"}],"replies":[{"embeddable":true,"href":"https:\/\/elcarmelocusco.edu.pe\/wp\/wp-json\/wp\/v2\/comments?post=3288"}],"version-history":[{"count":1,"href":"https:\/\/elcarmelocusco.edu.pe\/wp\/wp-json\/wp\/v2\/posts\/3288\/revisions"}],"predecessor-version":[{"id":3290,"href":"https:\/\/elcarmelocusco.edu.pe\/wp\/wp-json\/wp\/v2\/posts\/3288\/revisions\/3290"}],"wp:featuredmedia":[{"embeddable":true,"href":"https:\/\/elcarmelocusco.edu.pe\/wp\/wp-json\/wp\/v2\/media\/3289"}],"wp:attachment":[{"href":"https:\/\/elcarmelocusco.edu.pe\/wp\/wp-json\/wp\/v2\/media?parent=3288"}],"wp:term":[{"taxonomy":"category","embeddable":true,"href":"https:\/\/elcarmelocusco.edu.pe\/wp\/wp-json\/wp\/v2\/categories?post=3288"},{"taxonomy":"post_tag","embeddable":true,"href":"https:\/\/elcarmelocusco.edu.pe\/wp\/wp-json\/wp\/v2\/tags?post=3288"}],"curies":[{"name":"wp","href":"https:\/\/api.w.org\/{rel}","templated":true}]}}