{"id":3188,"date":"2021-07-23T22:32:46","date_gmt":"2021-07-23T22:32:46","guid":{"rendered":"https:\/\/elcarmelocusco.edu.pe\/wp\/?p=3188"},"modified":"2021-07-26T22:42:24","modified_gmt":"2021-07-26T22:42:24","slug":"homenaje-a-la-patria","status":"publish","type":"post","link":"https:\/\/elcarmelocusco.edu.pe\/wp\/2021\/07\/23\/homenaje-a-la-patria\/","title":{"rendered":"Homenaje a la Patria"},"content":{"rendered":"<p style=\"text-align: justify;\">Nuestra instituci\u00f3n rinde un merecido homenaje a los hombres y mujeres que lucharon por nuestra independencia en las diferentes actividades que realizan en las distintas \u00e1reas, permitiendo analizar y reflexionar sobre nuestra realidad nacional y frente a estas diversas situaciones coyunturales en la que estamos atravesando; y m\u00e1s a\u00fan que este a\u00f1o estamos festejando el Bicentenario de nuestra Patria.<\/p>\n<p><img loading=\"lazy\" decoding=\"async\" class=\"size-medium wp-image-3119 aligncenter\" src=\"https:\/\/elcarmelocusco.edu.pe\/wp\/wp-content\/uploads\/2021\/06\/dia-de-la-bandera-1-300x158.jpg\" alt=\"\" width=\"300\" height=\"158\" srcset=\"https:\/\/elcarmelocusco.edu.pe\/wp\/wp-content\/uploads\/2021\/06\/dia-de-la-bandera-1-300x158.jpg 300w, https:\/\/elcarmelocusco.edu.pe\/wp\/wp-content\/uploads\/2021\/06\/dia-de-la-bandera-1-260x137.jpg 260w, https:\/\/elcarmelocusco.edu.pe\/wp\/wp-content\/uploads\/2021\/06\/dia-de-la-bandera-1-50x26.jpg 50w, https:\/\/elcarmelocusco.edu.pe\/wp\/wp-content\/uploads\/2021\/06\/dia-de-la-bandera-1-143x75.jpg 143w, https:\/\/elcarmelocusco.edu.pe\/wp\/wp-content\/uploads\/2021\/06\/dia-de-la-bandera-1.jpg 607w\" sizes=\"auto, (max-width: 300px) 100vw, 300px\" \/><\/p>\n","protected":false},"excerpt":{"rendered":"<p>Nuestra instituci\u00f3n rinde un merecido homenaje a los hombres y mujeres que lucharon por nuestra independencia en las diferentes actividades que realizan en las distintas \u00e1reas,<span class=\"excerpt-hellip\"> [\u2026]<\/span><\/p>\n","protected":false},"author":2,"featured_media":3181,"comment_status":"open","ping_status":"open","sticky":false,"template":"","format":"standard","meta":{"footnotes":""},"categories":[1],"tags":[],"class_list":["post-3188","post","type-post","status-publish","format-standard","has-post-thumbnail","hentry","category-noticias"],"yoast_head":"<!-- This site is optimized with the Yoast SEO plugin v22.4 - https:\/\/yoast.com\/wordpress\/plugins\/seo\/ -->\n<title>Homenaje a la Patria - Colegio<\/title>\n<meta name=\"robots\" content=\"index, follow, max-snippet:-1, max-image-preview:large, max-video-preview:-1\" \/>\n<link rel=\"canonical\" href=\"https:\/\/elcarmelocusco.edu.pe\/wp\/2021\/07\/23\/homenaje-a-la-patria\/\" \/>\n<meta property=\"og:locale\" content=\"es_ES\" \/>\n<meta property=\"og:type\" content=\"article\" \/>\n<meta property=\"og:title\" content=\"Homenaje a la Patria - Colegio\" \/>\n<meta property=\"og:description\" content=\"Nuestra instituci\u00f3n rinde un merecido homenaje a los hombres y mujeres que lucharon por nuestra independencia en las diferentes actividades que realizan en las distintas \u00e1reas, [\u2026]\" \/>\n<meta property=\"og:url\" content=\"https:\/\/elcarmelocusco.edu.pe\/wp\/2021\/07\/23\/homenaje-a-la-patria\/\" \/>\n<meta property=\"og:site_name\" content=\"Colegio\" \/>\n<meta property=\"article:published_time\" content=\"2021-07-23T22:32:46+00:00\" \/>\n<meta property=\"article:modified_time\" content=\"2021-07-26T22:42:24+00:00\" \/>\n<meta property=\"og:image\" content=\"https:\/\/elcarmelocusco.edu.pe\/wp\/wp-content\/uploads\/2021\/07\/Proclamacion.jpg\" \/>\n\t<meta property=\"og:image:width\" content=\"1024\" \/>\n\t<meta property=\"og:image:height\" content=\"691\" \/>\n\t<meta property=\"og:image:type\" content=\"image\/jpeg\" \/>\n<meta name=\"author\" content=\"EL CARMELO CUSCO\" \/>\n<meta name=\"twitter:card\" content=\"summary_large_image\" \/>\n<meta name=\"twitter:label1\" content=\"Escrito por\" \/>\n\t<meta name=\"twitter:data1\" content=\"EL CARMELO CUSCO\" \/>\n\t<meta name=\"twitter:label2\" content=\"Tiempo de lectura\" \/>\n\t<meta name=\"twitter:data2\" content=\"1 minuto\" \/>\n<script type=\"application\/ld+json\" class=\"yoast-schema-graph\">{\"@context\":\"https:\/\/schema.org\",\"@graph\":[{\"@type\":\"WebPage\",\"@id\":\"https:\/\/elcarmelocusco.edu.pe\/wp\/2021\/07\/23\/homenaje-a-la-patria\/\",\"url\":\"https:\/\/elcarmelocusco.edu.pe\/wp\/2021\/07\/23\/homenaje-a-la-patria\/\",\"name\":\"Homenaje a la Patria - Colegio\",\"isPartOf\":{\"@id\":\"https:\/\/elcarmelocusco.edu.pe\/wp\/#website\"},\"primaryImageOfPage\":{\"@id\":\"https:\/\/elcarmelocusco.edu.pe\/wp\/2021\/07\/23\/homenaje-a-la-patria\/#primaryimage\"},\"image\":{\"@id\":\"https:\/\/elcarmelocusco.edu.pe\/wp\/2021\/07\/23\/homenaje-a-la-patria\/#primaryimage\"},\"thumbnailUrl\":\"https:\/\/elcarmelocusco.edu.pe\/wp\/wp-content\/uploads\/2021\/07\/Proclamacion.jpg\",\"datePublished\":\"2021-07-23T22:32:46+00:00\",\"dateModified\":\"2021-07-26T22:42:24+00:00\",\"author\":{\"@id\":\"https:\/\/elcarmelocusco.edu.pe\/wp\/#\/schema\/person\/8de216edc58e0084f724c60a352010a0\"},\"inLanguage\":\"es\",\"potentialAction\":[{\"@type\":\"ReadAction\",\"target\":[\"https:\/\/elcarmelocusco.edu.pe\/wp\/2021\/07\/23\/homenaje-a-la-patria\/\"]}]},{\"@type\":\"ImageObject\",\"inLanguage\":\"es\",\"@id\":\"https:\/\/elcarmelocusco.edu.pe\/wp\/2021\/07\/23\/homenaje-a-la-patria\/#primaryimage\",\"url\":\"https:\/\/elcarmelocusco.edu.pe\/wp\/wp-content\/uploads\/2021\/07\/Proclamacion.jpg\",\"contentUrl\":\"https:\/\/elcarmelocusco.edu.pe\/wp\/wp-content\/uploads\/2021\/07\/Proclamacion.jpg\",\"width\":1024,\"height\":691},{\"@type\":\"WebSite\",\"@id\":\"https:\/\/elcarmelocusco.edu.pe\/wp\/#website\",\"url\":\"https:\/\/elcarmelocusco.edu.pe\/wp\/\",\"name\":\"Colegio\",\"description\":\"El Carmelo\",\"potentialAction\":[{\"@type\":\"SearchAction\",\"target\":{\"@type\":\"EntryPoint\",\"urlTemplate\":\"https:\/\/elcarmelocusco.edu.pe\/wp\/?s={search_term_string}\"},\"query-input\":\"required name=search_term_string\"}],\"inLanguage\":\"es\"},{\"@type\":\"Person\",\"@id\":\"https:\/\/elcarmelocusco.edu.pe\/wp\/#\/schema\/person\/8de216edc58e0084f724c60a352010a0\",\"name\":\"EL CARMELO CUSCO\",\"image\":{\"@type\":\"ImageObject\",\"inLanguage\":\"es\",\"@id\":\"https:\/\/elcarmelocusco.edu.pe\/wp\/#\/schema\/person\/image\/\",\"url\":\"https:\/\/secure.gravatar.com\/avatar\/e9a7214dc7b6d2c446f6f2d37ce0d2aaf7c1dd1579c57ae755feed9b10623aab?s=96&d=mm&r=g\",\"contentUrl\":\"https:\/\/secure.gravatar.com\/avatar\/e9a7214dc7b6d2c446f6f2d37ce0d2aaf7c1dd1579c57ae755feed9b10623aab?s=96&d=mm&r=g\",\"caption\":\"EL CARMELO CUSCO\"},\"sameAs\":[\"http:\/\/www.elcarmelocusco.edu.pe\"],\"url\":\"https:\/\/elcarmelocusco.edu.pe\/wp\/author\/paula\/\"}]}<\/script>\n<!-- \/ Yoast SEO plugin. -->","yoast_head_json":{"title":"Homenaje a la Patria - Colegio","robots":{"index":"index","follow":"follow","max-snippet":"max-snippet:-1","max-image-preview":"max-image-preview:large","max-video-preview":"max-video-preview:-1"},"canonical":"https:\/\/elcarmelocusco.edu.pe\/wp\/2021\/07\/23\/homenaje-a-la-patria\/","og_locale":"es_ES","og_type":"article","og_title":"Homenaje a la Patria - Colegio","og_description":"Nuestra instituci\u00f3n rinde un merecido homenaje a los hombres y mujeres que lucharon por nuestra independencia en las diferentes actividades que realizan en las distintas \u00e1reas, [\u2026]","og_url":"https:\/\/elcarmelocusco.edu.pe\/wp\/2021\/07\/23\/homenaje-a-la-patria\/","og_site_name":"Colegio","article_published_time":"2021-07-23T22:32:46+00:00","article_modified_time":"2021-07-26T22:42:24+00:00","og_image":[{"width":1024,"height":691,"url":"https:\/\/elcarmelocusco.edu.pe\/wp\/wp-content\/uploads\/2021\/07\/Proclamacion.jpg","type":"image\/jpeg"}],"author":"EL CARMELO CUSCO","twitter_card":"summary_large_image","twitter_misc":{"Escrito por":"EL CARMELO CUSCO","Tiempo de lectura":"1 minuto"},"schema":{"@context":"https:\/\/schema.org","@graph":[{"@type":"WebPage","@id":"https:\/\/elcarmelocusco.edu.pe\/wp\/2021\/07\/23\/homenaje-a-la-patria\/","url":"https:\/\/elcarmelocusco.edu.pe\/wp\/2021\/07\/23\/homenaje-a-la-patria\/","name":"Homenaje a la Patria - Colegio","isPartOf":{"@id":"https:\/\/elcarmelocusco.edu.pe\/wp\/#website"},"primaryImageOfPage":{"@id":"https:\/\/elcarmelocusco.edu.pe\/wp\/2021\/07\/23\/homenaje-a-la-patria\/#primaryimage"},"image":{"@id":"https:\/\/elcarmelocusco.edu.pe\/wp\/2021\/07\/23\/homenaje-a-la-patria\/#primaryimage"},"thumbnailUrl":"https:\/\/elcarmelocusco.edu.pe\/wp\/wp-content\/uploads\/2021\/07\/Proclamacion.jpg","datePublished":"2021-07-23T22:32:46+00:00","dateModified":"2021-07-26T22:42:24+00:00","author":{"@id":"https:\/\/elcarmelocusco.edu.pe\/wp\/#\/schema\/person\/8de216edc58e0084f724c60a352010a0"},"inLanguage":"es","potentialAction":[{"@type":"ReadAction","target":["https:\/\/elcarmelocusco.edu.pe\/wp\/2021\/07\/23\/homenaje-a-la-patria\/"]}]},{"@type":"ImageObject","inLanguage":"es","@id":"https:\/\/elcarmelocusco.edu.pe\/wp\/2021\/07\/23\/homenaje-a-la-patria\/#primaryimage","url":"https:\/\/elcarmelocusco.edu.pe\/wp\/wp-content\/uploads\/2021\/07\/Proclamacion.jpg","contentUrl":"https:\/\/elcarmelocusco.edu.pe\/wp\/wp-content\/uploads\/2021\/07\/Proclamacion.jpg","width":1024,"height":691},{"@type":"WebSite","@id":"https:\/\/elcarmelocusco.edu.pe\/wp\/#website","url":"https:\/\/elcarmelocusco.edu.pe\/wp\/","name":"Colegio","description":"El Carmelo","potentialAction":[{"@type":"SearchAction","target":{"@type":"EntryPoint","urlTemplate":"https:\/\/elcarmelocusco.edu.pe\/wp\/?s={search_term_string}"},"query-input":"required name=search_term_string"}],"inLanguage":"es"},{"@type":"Person","@id":"https:\/\/elcarmelocusco.edu.pe\/wp\/#\/schema\/person\/8de216edc58e0084f724c60a352010a0","name":"EL CARMELO CUSCO","image":{"@type":"ImageObject","inLanguage":"es","@id":"https:\/\/elcarmelocusco.edu.pe\/wp\/#\/schema\/person\/image\/","url":"https:\/\/secure.gravatar.com\/avatar\/e9a7214dc7b6d2c446f6f2d37ce0d2aaf7c1dd1579c57ae755feed9b10623aab?s=96&d=mm&r=g","contentUrl":"https:\/\/secure.gravatar.com\/avatar\/e9a7214dc7b6d2c446f6f2d37ce0d2aaf7c1dd1579c57ae755feed9b10623aab?s=96&d=mm&r=g","caption":"EL CARMELO CUSCO"},"sameAs":["http:\/\/www.elcarmelocusco.edu.pe"],"url":"https:\/\/elcarmelocusco.edu.pe\/wp\/author\/paula\/"}]}},"_links":{"self":[{"href":"https:\/\/elcarmelocusco.edu.pe\/wp\/wp-json\/wp\/v2\/posts\/3188","targetHints":{"allow":["GET"]}}],"collection":[{"href":"https:\/\/elcarmelocusco.edu.pe\/wp\/wp-json\/wp\/v2\/posts"}],"about":[{"href":"https:\/\/elcarmelocusco.edu.pe\/wp\/wp-json\/wp\/v2\/types\/post"}],"author":[{"embeddable":true,"href":"https:\/\/elcarmelocusco.edu.pe\/wp\/wp-json\/wp\/v2\/users\/2"}],"replies":[{"embeddable":true,"href":"https:\/\/elcarmelocusco.edu.pe\/wp\/wp-json\/wp\/v2\/comments?post=3188"}],"version-history":[{"count":1,"href":"https:\/\/elcarmelocusco.edu.pe\/wp\/wp-json\/wp\/v2\/posts\/3188\/revisions"}],"predecessor-version":[{"id":3190,"href":"https:\/\/elcarmelocusco.edu.pe\/wp\/wp-json\/wp\/v2\/posts\/3188\/revisions\/3190"}],"wp:featuredmedia":[{"embeddable":true,"href":"https:\/\/elcarmelocusco.edu.pe\/wp\/wp-json\/wp\/v2\/media\/3181"}],"wp:attachment":[{"href":"https:\/\/elcarmelocusco.edu.pe\/wp\/wp-json\/wp\/v2\/media?parent=3188"}],"wp:term":[{"taxonomy":"category","embeddable":true,"href":"https:\/\/elcarmelocusco.edu.pe\/wp\/wp-json\/wp\/v2\/categories?post=3188"},{"taxonomy":"post_tag","embeddable":true,"href":"https:\/\/elcarmelocusco.edu.pe\/wp\/wp-json\/wp\/v2\/tags?post=3188"}],"curies":[{"name":"wp","href":"https:\/\/api.w.org\/{rel}","templated":true}]}}